{"id":341,"date":"2017-01-06T17:50:52","date_gmt":"2017-01-06T16:50:52","guid":{"rendered":"http:\/\/multisite-wordpress.labunix.uqam.ca\/espoir\/?p=341"},"modified":"2017-01-06T12:07:07","modified_gmt":"2017-01-06T17:07:07","slug":"myriame-martineau","status":"publish","type":"post","link":"https:\/\/theatrepourlespoir.uqam.ca\/?p=341","title":{"rendered":"Myriame Martineau"},"content":{"rendered":"<p><img loading=\"lazy\" decoding=\"async\" class=\"alignnone size-medium wp-image-342\" src=\"http:\/\/multisite-wordpress.labunix.uqam.ca\/espoir\/wp-content\/uploads\/sites\/144\/2017\/01\/Martineau_Myriame-300x200.jpg\" alt=\"martineau_myriame\" width=\"300\" height=\"200\" srcset=\"https:\/\/theatrepourlespoir.uqam.ca\/wp-content\/uploads\/2017\/01\/Martineau_Myriame-300x200.jpg 300w, https:\/\/theatrepourlespoir.uqam.ca\/wp-content\/uploads\/2017\/01\/Martineau_Myriame-768x512.jpg 768w, https:\/\/theatrepourlespoir.uqam.ca\/wp-content\/uploads\/2017\/01\/Martineau_Myriame-1024x683.jpg 1024w, https:\/\/theatrepourlespoir.uqam.ca\/wp-content\/uploads\/2017\/01\/Martineau_Myriame.jpg 1425w\" sizes=\"auto, (max-width: 300px) 100vw, 300px\" \/><\/p>\n<p>Myriame Martineau, professeure de sociologie (Universit\u00e9 du Qu\u00e9bec \u00e0 Montr\u00e9al), conteuse et \u00e9crivaine (<a href=\"http:\/\/www.myriameelyamani.com\">www.myriameelyamani.com<\/a>), s\u2019int\u00e9resse au monde du conte au Qu\u00e9bec et dans la francophonie, en cherchant \u00e0 analyser les mutations du savoir-raconter et la pratique des conteuses et conteurs contemporain-e-s, tout en articulant les rapports sociaux de sexe et les rapports ethniques dans nos soci\u00e9t\u00e9s. Elle est aussi membre de diff\u00e9rents groupes de recherche (IREF, GRIPAL, CRI) et centre de recherche (CRIEC), affili\u00e9s \u00e0 l\u2019UQAM et travaille \u00e9galement avec DAM (Diversit\u00e9 artistique Montr\u00e9al).<\/p>\n","protected":false},"excerpt":{"rendered":"<p>Myriame Martineau, professeure de sociologie (Universit\u00e9 du Qu\u00e9bec \u00e0 Montr\u00e9al), conteuse et \u00e9crivaine (www.myriameelyamani.com), s\u2019int\u00e9resse au monde du conte au Qu\u00e9bec et dans la francophonie, en cherchant \u00e0 analyser les mutations du savoir-raconter et la pratique des conteuses et conteurs &hellip; <a href=\"https:\/\/theatrepourlespoir.uqam.ca\/?p=341\">Continuer la lecture <span class=\"meta-nav\">&rarr;<\/span><\/a><\/p>\n","protected":false},"author":34,"featured_media":0,"comment_status":"closed","ping_status":"open","sticky":false,"template":"","format":"gallery","meta":{"footnotes":""},"categories":[6],"tags":[],"class_list":["post-341","post","type-post","status-publish","format-gallery","hentry","category-membres","post_format-post-format-gallery"],"_links":{"self":[{"href":"https:\/\/theatrepourlespoir.uqam.ca\/index.php?rest_route=\/wp\/v2\/posts\/341","targetHints":{"allow":["GET"]}}],"collection":[{"href":"https:\/\/theatrepourlespoir.uqam.ca\/index.php?rest_route=\/wp\/v2\/posts"}],"about":[{"href":"https:\/\/theatrepourlespoir.uqam.ca\/index.php?rest_route=\/wp\/v2\/types\/post"}],"author":[{"embeddable":true,"href":"https:\/\/theatrepourlespoir.uqam.ca\/index.php?rest_route=\/wp\/v2\/users\/34"}],"replies":[{"embeddable":true,"href":"https:\/\/theatrepourlespoir.uqam.ca\/index.php?rest_route=%2Fwp%2Fv2%2Fcomments&post=341"}],"version-history":[{"count":1,"href":"https:\/\/theatrepourlespoir.uqam.ca\/index.php?rest_route=\/wp\/v2\/posts\/341\/revisions"}],"predecessor-version":[{"id":344,"href":"https:\/\/theatrepourlespoir.uqam.ca\/index.php?rest_route=\/wp\/v2\/posts\/341\/revisions\/344"}],"wp:attachment":[{"href":"https:\/\/theatrepourlespoir.uqam.ca\/index.php?rest_route=%2Fwp%2Fv2%2Fmedia&parent=341"}],"wp:term":[{"taxonomy":"category","embeddable":true,"href":"https:\/\/theatrepourlespoir.uqam.ca\/index.php?rest_route=%2Fwp%2Fv2%2Fcategories&post=341"},{"taxonomy":"post_tag","embeddable":true,"href":"https:\/\/theatrepourlespoir.uqam.ca\/index.php?rest_route=%2Fwp%2Fv2%2Ftags&post=341"}],"curies":[{"name":"wp","href":"https:\/\/api.w.org\/{rel}","templated":true}]}}